{"id":9814,"date":"2026-01-19T18:55:06","date_gmt":"2026-01-19T17:55:06","guid":{"rendered":"https:\/\/iesmedinaalbaida.catedu.es\/?p=9814"},"modified":"2026-01-19T18:55:09","modified_gmt":"2026-01-19T17:55:09","slug":"comunicado-para-la-comunidad-educativa","status":"publish","type":"post","link":"https:\/\/iesmedinaalbaida.catedu.es\/?p=9814","title":{"rendered":"COMUNICADO PARA LA COMUNIDAD EDUCATIVA"},"content":{"rendered":"\n<p>Convocada la huelga educativa para los d\u00edas 20, 21 y 22 de enero por el sindicato CGT y, a su vez, por el Sindicato de Estudiantes, informamos de lo siguiente:\u00a0\u00a0<\/p>\n<p>De acuerdo con la normativa vigente, los alumnos a trav\u00e9s de sus representantes en la sesi\u00f3n de la Junta de Delegados\/Subdelegados celebrada en el centro durante el \u00a0recreo hoy lunes 19 de enero de 2026, ha decidido secundar dicho paro. Se recuerda que la falta de asistencia del alumnado se recoger\u00e1 en SIGAD y las familias son las encargadas de justificar la inasistencia anotando \u00abhuelga estudiantes\u00bb.<\/p>\n<p>Informamos a su vez que el centro estar\u00e1 abierto, las clases se celebrar\u00e1n con &#8216;normalidad&#8217; y se garantiza la atenci\u00f3n al alumnado a trav\u00e9s de los servicios m\u00ednimos fijados por el BOA.<\/p>\n<p>Much\u00edsimas gracias por vuestra colaboraci\u00f3n.<\/p>\n","protected":false},"excerpt":{"rendered":"<p>Informaci\u00f3n acerca de la huelga convocada para los d\u00edas 20, 21 y 22 de enero.<\/p><p><a class=\"more-link btn\" href=\"https:\/\/iesmedinaalbaida.catedu.es\/?p=9814\">Seguir leyendo<\/a><\/p>\n","protected":false},"author":1179,"featured_media":0,"comment_status":"closed","ping_status":"closed","sticky":false,"template":"","format":"standard","meta":{"_uag_custom_page_level_css":"","_crdt_document":"","_monsterinsights_skip_tracking":false,"_monsterinsights_sitenote_active":false,"_monsterinsights_sitenote_note":"","_monsterinsights_sitenote_category":0,"footnotes":""},"categories":[1],"tags":[],"class_list":["post-9814","post","type-post","status-publish","format-standard","hentry","category-sin-categoria","item-wrap"],"uagb_featured_image_src":{"full":false,"thumbnail":false,"medium":false,"medium_large":false,"large":false,"1536x1536":false,"2048x2048":false,"graphene_slider":false,"graphene_featured_image":false,"post-thumbnail":false},"uagb_author_info":{"display_name":"IES Medina Albaida","author_link":"https:\/\/iesmedinaalbaida.catedu.es\/?author=1179"},"uagb_comment_info":0,"uagb_excerpt":"Informaci\u00f3n acerca de la huelga convocada para los d\u00edas 20, 21 y 22 de enero.","_links":{"self":[{"href":"https:\/\/iesmedinaalbaida.catedu.es\/index.php?rest_route=\/wp\/v2\/posts\/9814","targetHints":{"allow":["GET"]}}],"collection":[{"href":"https:\/\/iesmedinaalbaida.catedu.es\/index.php?rest_route=\/wp\/v2\/posts"}],"about":[{"href":"https:\/\/iesmedinaalbaida.catedu.es\/index.php?rest_route=\/wp\/v2\/types\/post"}],"author":[{"embeddable":true,"href":"https:\/\/iesmedinaalbaida.catedu.es\/index.php?rest_route=\/wp\/v2\/users\/1179"}],"replies":[{"embeddable":true,"href":"https:\/\/iesmedinaalbaida.catedu.es\/index.php?rest_route=%2Fwp%2Fv2%2Fcomments&post=9814"}],"version-history":[{"count":1,"href":"https:\/\/iesmedinaalbaida.catedu.es\/index.php?rest_route=\/wp\/v2\/posts\/9814\/revisions"}],"predecessor-version":[{"id":9815,"href":"https:\/\/iesmedinaalbaida.catedu.es\/index.php?rest_route=\/wp\/v2\/posts\/9814\/revisions\/9815"}],"wp:attachment":[{"href":"https:\/\/iesmedinaalbaida.catedu.es\/index.php?rest_route=%2Fwp%2Fv2%2Fmedia&parent=9814"}],"wp:term":[{"taxonomy":"category","embeddable":true,"href":"https:\/\/iesmedinaalbaida.catedu.es\/index.php?rest_route=%2Fwp%2Fv2%2Fcategories&post=9814"},{"taxonomy":"post_tag","embeddable":true,"href":"https:\/\/iesmedinaalbaida.catedu.es\/index.php?rest_route=%2Fwp%2Fv2%2Ftags&post=9814"}],"curies":[{"name":"wp","href":"https:\/\/api.w.org\/{rel}","templated":true}]}}