{"id":9648,"date":"2025-05-21T11:54:37","date_gmt":"2025-05-21T10:54:37","guid":{"rendered":"https:\/\/iesmedinaalbaida.catedu.es\/?p=9648"},"modified":"2025-05-21T12:13:29","modified_gmt":"2025-05-21T11:13:29","slug":"jornada-puertas-abiertas-bachillerato","status":"publish","type":"post","link":"https:\/\/iesmedinaalbaida.catedu.es\/?p=9648","title":{"rendered":"JORNADA PUERTAS ABIERTAS BACHILLERATO"},"content":{"rendered":"\n\n\n\n\n<p>El pr\u00f3ximo<span style=\"color: #0000ff;\"><strong> martes 3 de junio a las 18:00<\/strong><\/span> en la sala de usos m\u00faltiples tendr\u00e1 lugar una charla informativa sobre el bachillerato en nuestro centro, para aquellas familias que quieran inscribir a sus hijos para cursar estudios de bachillerato en nuestro centro. <strong>Plazo de presentaci\u00f3n de solicitudes<\/strong> y verificaci\u00f3n de las mismas por<br \/>los centros.; desde la 9 h. del mi\u00e9rcoles 2 de julio hasta las 14 h. del lunes 7 de julio, ambos inclusive\u00a0<\/p>\n<p><img loading=\"lazy\" decoding=\"async\" class=\"alignnone size-full wp-image-9651\" src=\"https:\/\/iesmedinaalbaida.catedu.es\/wp-content\/uploads\/sites\/271\/2025\/05\/Captura-de-pantalla-357.png\" alt=\"\" width=\"547\" height=\"764\" srcset=\"https:\/\/iesmedinaalbaida.catedu.es\/wp-content\/uploads\/sites\/271\/2025\/05\/Captura-de-pantalla-357.png 547w, https:\/\/iesmedinaalbaida.catedu.es\/wp-content\/uploads\/sites\/271\/2025\/05\/Captura-de-pantalla-357-215x300.png 215w\" sizes=\"auto, (max-width: 547px) 100vw, 547px\" \/><\/p>\n","protected":false},"excerpt":{"rendered":"<p>El pr\u00f3ximo martes 3 de junio a las 18:00 en la sala de usos m\u00faltiples tendr\u00e1 lugar una charla informativa sobre el bachillerato en nuestro centro, para aquellas familias que quieran inscribir a sus hijos para cursar estudios de bachillerato en nuestro centro. Plazo de presentaci\u00f3n de solicitudes y verificaci\u00f3n de las mismas porlos centros.; &hellip; <\/p>\n<p><a class=\"more-link btn\" href=\"https:\/\/iesmedinaalbaida.catedu.es\/?p=9648\">Seguir leyendo<\/a><\/p>\n","protected":false},"author":1179,"featured_media":0,"comment_status":"closed","ping_status":"closed","sticky":false,"template":"","format":"standard","meta":{"_uag_custom_page_level_css":"","_crdt_document":"","_monsterinsights_skip_tracking":false,"_monsterinsights_sitenote_active":false,"_monsterinsights_sitenote_note":"","_monsterinsights_sitenote_category":0,"footnotes":""},"categories":[1],"tags":[],"class_list":["post-9648","post","type-post","status-publish","format-standard","hentry","category-sin-categoria","item-wrap"],"uagb_featured_image_src":{"full":false,"thumbnail":false,"medium":false,"medium_large":false,"large":false,"1536x1536":false,"2048x2048":false,"graphene_slider":false,"graphene_featured_image":false,"post-thumbnail":false},"uagb_author_info":{"display_name":"IES Medina Albaida","author_link":"https:\/\/iesmedinaalbaida.catedu.es\/?author=1179"},"uagb_comment_info":0,"uagb_excerpt":"El pr\u00f3ximo martes 3 de junio a las 18:00 en la sala de usos m\u00faltiples tendr\u00e1 lugar una charla informativa sobre el bachillerato en nuestro centro, para aquellas familias que quieran inscribir a sus hijos para cursar estudios de bachillerato en nuestro centro. Plazo de presentaci\u00f3n de solicitudes y verificaci\u00f3n de las mismas porlos centros.;&hellip;","_links":{"self":[{"href":"https:\/\/iesmedinaalbaida.catedu.es\/index.php?rest_route=\/wp\/v2\/posts\/9648","targetHints":{"allow":["GET"]}}],"collection":[{"href":"https:\/\/iesmedinaalbaida.catedu.es\/index.php?rest_route=\/wp\/v2\/posts"}],"about":[{"href":"https:\/\/iesmedinaalbaida.catedu.es\/index.php?rest_route=\/wp\/v2\/types\/post"}],"author":[{"embeddable":true,"href":"https:\/\/iesmedinaalbaida.catedu.es\/index.php?rest_route=\/wp\/v2\/users\/1179"}],"replies":[{"embeddable":true,"href":"https:\/\/iesmedinaalbaida.catedu.es\/index.php?rest_route=%2Fwp%2Fv2%2Fcomments&post=9648"}],"version-history":[{"count":2,"href":"https:\/\/iesmedinaalbaida.catedu.es\/index.php?rest_route=\/wp\/v2\/posts\/9648\/revisions"}],"predecessor-version":[{"id":9654,"href":"https:\/\/iesmedinaalbaida.catedu.es\/index.php?rest_route=\/wp\/v2\/posts\/9648\/revisions\/9654"}],"wp:attachment":[{"href":"https:\/\/iesmedinaalbaida.catedu.es\/index.php?rest_route=%2Fwp%2Fv2%2Fmedia&parent=9648"}],"wp:term":[{"taxonomy":"category","embeddable":true,"href":"https:\/\/iesmedinaalbaida.catedu.es\/index.php?rest_route=%2Fwp%2Fv2%2Fcategories&post=9648"},{"taxonomy":"post_tag","embeddable":true,"href":"https:\/\/iesmedinaalbaida.catedu.es\/index.php?rest_route=%2Fwp%2Fv2%2Ftags&post=9648"}],"curies":[{"name":"wp","href":"https:\/\/api.w.org\/{rel}","templated":true}]}}