{"id":9284,"date":"2024-03-19T16:22:31","date_gmt":"2024-03-19T15:22:31","guid":{"rendered":"https:\/\/iesmedinaalbaida.catedu.es\/?p=9284"},"modified":"2024-03-19T23:50:23","modified_gmt":"2024-03-19T22:50:23","slug":"relacion-definitiva-de-admitidos-y-no-admitidos-pruebas-acceso-fp","status":"publish","type":"post","link":"https:\/\/iesmedinaalbaida.catedu.es\/?p=9284","title":{"rendered":"RELACI\u00d3N DEFINITIVA DE ADMITIDOS Y NO ADMITIDOS PRUEBAS ACCESO FP"},"content":{"rendered":"\n<div class=\"entry-content clearfix\">\n<p>En el archivo siguiente pod\u00e9is encontrar la relaci\u00f3n definitiva de admitidos y no admitidos a las pruebas de acceso a grado medio a Formaci\u00f3n Profesional.<\/p>\n<p><a href=\"https:\/\/iesmedinaalbaida.catedu.es\/wp-content\/uploads\/sites\/271\/2024\/03\/RELACION-DEFINITIVA-DE-ADMITIDOS-Y-NO-ADMITIDOS-PRUEBAS-GRADO-MEDIO.pdf\" target=\"_blank\" rel=\"noopener\">ARCHIVO: Relaci\u00f3n de admitidos y no admitidos<\/a><\/p>\n<p>\u00a0<\/p>\n<\/div>\n","protected":false},"excerpt":{"rendered":"<p>Relaci\u00f3n definitiva de admitidos y no admitidos a las pruebas de acceso a grado medio de Formaci\u00f3n Profesional.<\/p><p><a class=\"more-link btn\" href=\"https:\/\/iesmedinaalbaida.catedu.es\/?p=9284\">Seguir leyendo<\/a><\/p>\n","protected":false},"author":1179,"featured_media":0,"comment_status":"closed","ping_status":"closed","sticky":false,"template":"","format":"standard","meta":{"_uag_custom_page_level_css":"","_crdt_document":"","_monsterinsights_skip_tracking":false,"_monsterinsights_sitenote_active":false,"_monsterinsights_sitenote_note":"","_monsterinsights_sitenote_category":0,"footnotes":""},"categories":[1],"tags":[],"class_list":["post-9284","post","type-post","status-publish","format-standard","hentry","category-sin-categoria","item-wrap"],"uagb_featured_image_src":{"full":false,"thumbnail":false,"medium":false,"medium_large":false,"large":false,"1536x1536":false,"2048x2048":false,"graphene_slider":false,"graphene_featured_image":false,"post-thumbnail":false},"uagb_author_info":{"display_name":"IES Medina Albaida","author_link":"https:\/\/iesmedinaalbaida.catedu.es\/?author=1179"},"uagb_comment_info":0,"uagb_excerpt":"Relaci\u00f3n definitiva de admitidos y no admitidos a las pruebas de acceso a grado medio de Formaci\u00f3n Profesional.","_links":{"self":[{"href":"https:\/\/iesmedinaalbaida.catedu.es\/index.php?rest_route=\/wp\/v2\/posts\/9284","targetHints":{"allow":["GET"]}}],"collection":[{"href":"https:\/\/iesmedinaalbaida.catedu.es\/index.php?rest_route=\/wp\/v2\/posts"}],"about":[{"href":"https:\/\/iesmedinaalbaida.catedu.es\/index.php?rest_route=\/wp\/v2\/types\/post"}],"author":[{"embeddable":true,"href":"https:\/\/iesmedinaalbaida.catedu.es\/index.php?rest_route=\/wp\/v2\/users\/1179"}],"replies":[{"embeddable":true,"href":"https:\/\/iesmedinaalbaida.catedu.es\/index.php?rest_route=%2Fwp%2Fv2%2Fcomments&post=9284"}],"version-history":[{"count":1,"href":"https:\/\/iesmedinaalbaida.catedu.es\/index.php?rest_route=\/wp\/v2\/posts\/9284\/revisions"}],"predecessor-version":[{"id":9286,"href":"https:\/\/iesmedinaalbaida.catedu.es\/index.php?rest_route=\/wp\/v2\/posts\/9284\/revisions\/9286"}],"wp:attachment":[{"href":"https:\/\/iesmedinaalbaida.catedu.es\/index.php?rest_route=%2Fwp%2Fv2%2Fmedia&parent=9284"}],"wp:term":[{"taxonomy":"category","embeddable":true,"href":"https:\/\/iesmedinaalbaida.catedu.es\/index.php?rest_route=%2Fwp%2Fv2%2Fcategories&post=9284"},{"taxonomy":"post_tag","embeddable":true,"href":"https:\/\/iesmedinaalbaida.catedu.es\/index.php?rest_route=%2Fwp%2Fv2%2Ftags&post=9284"}],"curies":[{"name":"wp","href":"https:\/\/api.w.org\/{rel}","templated":true}]}}