{"id":4174,"date":"2019-05-13T19:08:52","date_gmt":"2019-05-13T18:08:52","guid":{"rendered":"https:\/\/iesmedinaalbaida.catedu.es\/?p=4174"},"modified":"2019-06-10T13:08:03","modified_gmt":"2019-06-10T12:08:03","slug":"portada-agenda-escolar","status":"publish","type":"post","link":"https:\/\/iesmedinaalbaida.catedu.es\/?p=4174","title":{"rendered":"PORTADA AGENDA ESCOLAR"},"content":{"rendered":"<p><a href=\"https:\/\/iesmedinaalbaida.catedu.es\/wp-content\/uploads\/sites\/271\/2019\/05\/7\u00ba-concurso-de-dibujo-5.pdf\" target=\"_blank\" rel=\"noopener noreferrer\"><img loading=\"lazy\" decoding=\"async\" class=\"wp-image-4173 alignright\" src=\"https:\/\/iesmedinaalbaida.catedu.es\/wp-content\/uploads\/sites\/271\/2019\/05\/Cartel-2019-212x300.jpeg\" alt=\"\" width=\"205\" height=\"290\" srcset=\"https:\/\/iesmedinaalbaida.catedu.es\/wp-content\/uploads\/sites\/271\/2019\/05\/Cartel-2019-212x300.jpeg 212w, https:\/\/iesmedinaalbaida.catedu.es\/wp-content\/uploads\/sites\/271\/2019\/05\/Cartel-2019-768x1086.jpeg 768w, https:\/\/iesmedinaalbaida.catedu.es\/wp-content\/uploads\/sites\/271\/2019\/05\/Cartel-2019-724x1024.jpeg 724w, https:\/\/iesmedinaalbaida.catedu.es\/wp-content\/uploads\/sites\/271\/2019\/05\/Cartel-2019.jpeg 1131w\" sizes=\"auto, (max-width: 205px) 100vw, 205px\" \/><\/a><\/p>\n<p style=\"text-align: center;\"><span style=\"color: #ff0000; font-size: 24pt;\">\u00a1\u00a1\u00a1\u00a1ATENCI\u00d3N!!!!<\/span><\/p>\n<p style=\"text-align: center;\"><strong><span style=\"color: #ff0000; font-size: 18pt;\">AMPLIADO PLAZO DE PRESENTACI\u00d3N<\/span><\/strong><\/p>\n<p><span style=\"color: #ff0000; font-size: 18pt;\">7 \u00ba CONCURSO DE DIBUJO<\/span><br \/>\n<span style=\"color: #1fa7bf; font-size: 14pt;\">\u201cLa portada de mi agenda escolar\u201d<\/span><\/p>\n<p>Con el fin de fomentar la pr\u00e1ctica art\u00edstica en sus diferentes modalidades y estimular la afici\u00f3n al arte, la Asociaci\u00f3n de Madres y Padres de Alumnos \u201cMedina Albaida\u201d del IES \u201cMedina Albaida\u201d, convoca el 7\u00ba concurso para la Portada de la Agenda Escolar, con la colaboraci\u00f3n del Dpto. de Artes Pl\u00e1sticas con arreglo a las siguientes bases.<\/p>\n<p style=\"text-align: justify;\"><strong>Objetivo:<\/strong><br \/>\nEl objetivo del presente concurso es la elecci\u00f3n de una portada para la agenda escolar del pr\u00f3ximo curso.<br \/>\n<strong>Participantes:<\/strong><br \/>\nPodr\u00e1n participar todos los alumnos del IES Medina Albaida, de este curso acad\u00e9mico 2018-19.<br \/>\n<strong>Tem\u00e1tica, t\u00e9cnica y formato:<\/strong><br \/>\nEl 2019 es el A\u00f1o Internacional de la Tabla Peri\u00f3dica, por este motivo esta es la tem\u00e1tica del concurso . <strong>\u201cLa tabla peri\u00f3dica \u201c<\/strong>.<br \/>\nLa t\u00e9cnica puede ser cualquiera reproducible en imprenta: dibujo, pintura, fotograf\u00eda, collage, etc&#8230;<br \/>\nEl formato debe de ser DIN A5, orientaci\u00f3n vertical.<br \/>\n<strong>Presentaci\u00f3n de los trabajos:<\/strong><br \/>\nCada alumno podr\u00e1 participar con un m\u00e1ximo de 2 trabajos.<br \/>\nEn la parte posterior de cada trabajo deber\u00e1 constar de manera clara el nombre y apellidos del autor, curso, grupo y el t\u00edtulo de la obra. Los trabajos se presentar\u00e1n en la Conserjer\u00eda del Centro hasta el d\u00eda <del>7<\/del> <span style=\"background-color: #ffff99;\"><span style=\"font-size: 14pt; background-color: #ffff99;\"><strong>14<\/strong><\/span> de junio<\/span>.<br \/>\n<strong>Premios:<\/strong><br \/>\n1\u00ba Premio: Se publicar\u00e1 como portada de la agenda del Instituto para el curso 2019-2020 ,y una tarjeta regalo por valor de 50 euros.<br \/>\n2\u00ba al 10\u00ba Premio: Una tarjeta regalo por valor de 50 euros .<br \/>\nLa interpretaci\u00f3n \u00faltima de las Bases corresponder\u00e1 al Jurado, que podr\u00e1 declarar desiertos los premios a los que concursan obras sin la suficiente calidad.<br \/>\nLa presentaci\u00f3n de las obras implica la cesi\u00f3n de los derechos para reproducir dicha obra por parte del AMPA \u201cMedina Albaida\u201d y el IES \u201cMedina Albaida\u201d.<br \/>\nLos trabajos presentados, podr\u00e1n ser recogidos en el mes junio al final de su exposici\u00f3n. De no ser recogidas en dicho plazo, se entiende que sus autores renuncian a las mismos.<br \/>\nEl Jurado estar\u00e1 formado por profesores del Departamento de Artes Pl\u00e1sticas del Instituto y miembros de la AMPA, que sus hijos no participen en el concurso.<br \/>\n<strong>Se dar\u00e1n a conocer los ganadores el d\u00eda 21 de junio en el tabl\u00f3n de anuncios, web y APP del AMPA.<\/strong><br \/>\nLos premios ser\u00e1n entregados y recogidos por los galardonados en el presente curso, d\u00eda y hora a confirmar.<br \/>\nEs condici\u00f3n indispensable la asistencia de los galardonados para hacer efectivos los premios.<br \/>\nLa participaci\u00f3n en este concurso implica la aceptaci\u00f3n de todas las bases del mismo.<\/p>\n<p style=\"text-align: right;\"><span style=\"font-size: 10pt;\">Organiza: AMPA IES Medina Albaida.<\/span><br \/>\n<span style=\"font-size: 10pt;\">Apoya y colabora el Dpto. de Artes <\/span><span style=\"font-size: 10pt;\">Pl\u00e1sticas del IES.<\/span><\/p>\n<p style=\"text-align: right;\"><img loading=\"lazy\" decoding=\"async\" class=\"alignright size-full wp-image-2206\" src=\"https:\/\/iesmedinaalbaida.catedu.es\/wp-content\/uploads\/sites\/271\/2018\/05\/logo_ies_2.png\" alt=\"\" width=\"160\" height=\"73\" \/><img loading=\"lazy\" decoding=\"async\" class=\"alignright wp-image-983\" src=\"https:\/\/iesmedinaalbaida.catedu.es\/wp-content\/uploads\/sites\/271\/2017\/09\/unnamed.png\" alt=\"\" width=\"71\" height=\"71\" srcset=\"https:\/\/iesmedinaalbaida.catedu.es\/wp-content\/uploads\/sites\/271\/2017\/09\/unnamed.png 300w, https:\/\/iesmedinaalbaida.catedu.es\/wp-content\/uploads\/sites\/271\/2017\/09\/unnamed-150x150.png 150w\" sizes=\"auto, (max-width: 71px) 100vw, 71px\" \/><\/p>\n","protected":false},"excerpt":{"rendered":"<p>\u00a1\u00a1\u00a1\u00a1ATENCI\u00d3N!!!! AMPLIADO PLAZO DE PRESENTACI\u00d3N 7 \u00ba CONCURSO DE DIBUJO \u201cLa portada de mi agenda escolar\u201d Con el fin de fomentar la pr\u00e1ctica art\u00edstica en sus diferentes modalidades y estimular la afici\u00f3n al arte, la Asociaci\u00f3n de Madres y Padres de Alumnos \u201cMedina Albaida\u201d del IES \u201cMedina Albaida\u201d, convoca el 7\u00ba concurso para la Portada &hellip; <\/p>\n<p><a class=\"more-link btn\" href=\"https:\/\/iesmedinaalbaida.catedu.es\/?p=4174\">Seguir leyendo<\/a><\/p>\n","protected":false},"author":1179,"featured_media":0,"comment_status":"closed","ping_status":"closed","sticky":false,"template":"","format":"standard","meta":{"_crdt_document":"","_monsterinsights_skip_tracking":false,"_monsterinsights_sitenote_active":false,"_monsterinsights_sitenote_note":"","_monsterinsights_sitenote_category":0,"footnotes":""},"categories":[42],"tags":[],"class_list":["post-4174","post","type-post","status-publish","format-standard","hentry","category-ampa","item-wrap"],"_links":{"self":[{"href":"https:\/\/iesmedinaalbaida.catedu.es\/index.php?rest_route=\/wp\/v2\/posts\/4174","targetHints":{"allow":["GET"]}}],"collection":[{"href":"https:\/\/iesmedinaalbaida.catedu.es\/index.php?rest_route=\/wp\/v2\/posts"}],"about":[{"href":"https:\/\/iesmedinaalbaida.catedu.es\/index.php?rest_route=\/wp\/v2\/types\/post"}],"author":[{"embeddable":true,"href":"https:\/\/iesmedinaalbaida.catedu.es\/index.php?rest_route=\/wp\/v2\/users\/1179"}],"replies":[{"embeddable":true,"href":"https:\/\/iesmedinaalbaida.catedu.es\/index.php?rest_route=%2Fwp%2Fv2%2Fcomments&post=4174"}],"version-history":[{"count":19,"href":"https:\/\/iesmedinaalbaida.catedu.es\/index.php?rest_route=\/wp\/v2\/posts\/4174\/revisions"}],"predecessor-version":[{"id":4693,"href":"https:\/\/iesmedinaalbaida.catedu.es\/index.php?rest_route=\/wp\/v2\/posts\/4174\/revisions\/4693"}],"wp:attachment":[{"href":"https:\/\/iesmedinaalbaida.catedu.es\/index.php?rest_route=%2Fwp%2Fv2%2Fmedia&parent=4174"}],"wp:term":[{"taxonomy":"category","embeddable":true,"href":"https:\/\/iesmedinaalbaida.catedu.es\/index.php?rest_route=%2Fwp%2Fv2%2Fcategories&post=4174"},{"taxonomy":"post_tag","embeddable":true,"href":"https:\/\/iesmedinaalbaida.catedu.es\/index.php?rest_route=%2Fwp%2Fv2%2Ftags&post=4174"}],"curies":[{"name":"wp","href":"https:\/\/api.w.org\/{rel}","templated":true}]}}